{"id":2639,"date":"2018-12-21T11:40:00","date_gmt":"2018-12-21T10:40:00","guid":{"rendered":"http:\/\/ftc.wngtest.ch\/?p=2639\/"},"modified":"2021-02-11T15:22:30","modified_gmt":"2021-02-11T14:22:30","slug":"agency-life-4th-quarter-2018","status":"publish","type":"post","link":"https:\/\/www.ftc.ch\/en\/agency-life-4th-quarter-2018\/","title":{"rendered":"Agency life \u2013 4th quarter 2018"},"content":{"rendered":"\n<h2 class=\"wp-block-heading\">Visual rebranding for the Soci\u00e9t\u00e9 vaudoise de m\u00e9decine (SVM) \u2013 Wonderbox on Instagram, now also in Switzerland \u2013 Corporate publishing and Pink October for R\u00e9seau Radiologique Romand (3R) \u2013 Media relations for Nidecker, world number 2 in the snowboarding industry again \u2013 80\u2019000 calendars for the 100<sup>th<\/sup> anniversary of Pro Senectute Vaud<\/h2>\n\n\n\n<p>From October to December 2018 our agency has :<\/p>\n\n\n\n<ul><li>supported the <a href=\"https:\/\/www.svmed.ch\/\">Soci\u00e9t\u00e9 vaudoise de m\u00e9decine (SVM)<\/a> in the development of its&nbsp;corporate communication with a new website (thanks to <a href=\"https:\/\/www.ergopix.com\/\">ergopix <\/a>and <a href=\"https:\/\/haymoz.design\/\">Haymoz Design<\/a>), a new visual identity (thanks to <a href=\"https:\/\/haymoz.design\/\">Haymoz Design<\/a>), a special number of its magazine \u201cCourrier du m\u00e9decin Vaudois\u201d (CMV) to celebrate its 30<sup>th<\/sup> anniversary and an annual event for more than 400 members, partners and guests. ftc also offers regular strategic and operational support&nbsp;to the SVM since autumn 2017;<\/li><\/ul>\n\n\n\n<figure class=\"wp-block-embed-youtube aligncenter wp-block-embed is-type-video is-provider-youtube wp-embed-aspect-16-9 wp-has-aspect-ratio\"><div class=\"wp-block-embed__wrapper\" style=\"text-align:center;\">\n<iframe loading=\"lazy\" title=\"Nouvelle identit\u00e9 visuelle pour la SVM\" width=\"500\" height=\"281\" src=\"https:\/\/www.youtube.com\/embed\/mD8R2KDgPKM?feature=oembed\" frameborder=\"0\" allow=\"accelerometer; autoplay; clipboard-write; encrypted-media; gyroscope; picture-in-picture; web-share\" referrerpolicy=\"strict-origin-when-cross-origin\" allowfullscreen><\/iframe>\n<\/div><\/figure>\n\n\n\n<div class=\"wp-block-image\"><figure class=\"aligncenter size-large is-resized\"><img loading=\"lazy\" decoding=\"async\" src=\"https:\/\/www.ftc.ch\/wp-content\/uploads\/2018\/12\/Secre\u0301tariat-re\u0301daction-CMV.jpg\" alt=\"\" class=\"wp-image-5733\" width=\"446\" height=\"631\" srcset=\"https:\/\/www.ftc.ch\/wp-content\/uploads\/2018\/12\/Secre\u0301tariat-re\u0301daction-CMV.jpg 595w, https:\/\/www.ftc.ch\/wp-content\/uploads\/2018\/12\/Secre\u0301tariat-re\u0301daction-CMV-212x300.jpg 212w\" sizes=\"(max-width: 446px) 100vw, 446px\" \/><\/figure><\/div>\n\n\n\n<div class=\"wp-block-image\"><figure class=\"aligncenter size-large\"><img loading=\"lazy\" decoding=\"async\" width=\"600\" height=\"400\" src=\"https:\/\/www.ftc.ch\/wp-content\/uploads\/2018\/12\/Eve\u0301nement-30-ans-Courrier-me\u0301decin-vaudois.jpg\" alt=\"\" class=\"wp-image-5735\" srcset=\"https:\/\/www.ftc.ch\/wp-content\/uploads\/2018\/12\/Eve\u0301nement-30-ans-Courrier-me\u0301decin-vaudois.jpg 600w, https:\/\/www.ftc.ch\/wp-content\/uploads\/2018\/12\/Eve\u0301nement-30-ans-Courrier-me\u0301decin-vaudois-300x200.jpg 300w, https:\/\/www.ftc.ch\/wp-content\/uploads\/2018\/12\/Eve\u0301nement-30-ans-Courrier-me\u0301decin-vaudois-370x246.jpg 370w\" sizes=\"(max-width: 600px) 100vw, 600px\" \/><\/figure><\/div>\n\n\n\n<ul><li>managed&nbsp;the launch of the brand new <a href=\"https:\/\/www.instagram.com\/wonderbox_ch\/?hl=fr\">Swiss&nbsp;Instagram account<\/a>&nbsp;of Wonderbox, in addition to other communication activities for the gift boxes company which has now been a client for two years (media relations,&nbsp;raffles, etc.);<\/li><\/ul>\n\n\n\n<div class=\"wp-block-image\"><figure class=\"aligncenter size-large\"><img loading=\"lazy\" decoding=\"async\" width=\"300\" height=\"615\" src=\"https:\/\/www.ftc.ch\/wp-content\/uploads\/2018\/12\/Ouverture-compte-instagram-wonderbox.jpg\" alt=\"\" class=\"wp-image-5738\" srcset=\"https:\/\/www.ftc.ch\/wp-content\/uploads\/2018\/12\/Ouverture-compte-instagram-wonderbox.jpg 300w, https:\/\/www.ftc.ch\/wp-content\/uploads\/2018\/12\/Ouverture-compte-instagram-wonderbox-146x300.jpg 146w\" sizes=\"(max-width: 300px) 100vw, 300px\" \/><\/figure><\/div>\n\n\n\n<ul><li>supported the R\u00e9seau Radiologique Romand (3R)&nbsp;in developing its B2B&nbsp;corporate communication (creation of print and online content, social media, media relations, events, sponsoring, etc.). Moreover, the agency coordinated the partnership for a Pink October&nbsp;campaign&nbsp;(breast cancer month) with the association&nbsp;\u00ab <a href=\"https:\/\/laimantrose.ch\/\">L\u2019aiMant Rose <\/a>\u00bb, which advocates for free breast cancer screening before the age of 50 in Switzerland;<\/li><\/ul>\n\n\n\n<div class=\"wp-block-image\"><figure class=\"aligncenter size-large\"><img loading=\"lazy\" decoding=\"async\" width=\"300\" height=\"358\" src=\"https:\/\/www.ftc.ch\/wp-content\/uploads\/2018\/12\/Campagne-soutien-octobre-rose-3R.jpg\" alt=\"\" class=\"wp-image-5741\" srcset=\"https:\/\/www.ftc.ch\/wp-content\/uploads\/2018\/12\/Campagne-soutien-octobre-rose-3R.jpg 300w, https:\/\/www.ftc.ch\/wp-content\/uploads\/2018\/12\/Campagne-soutien-octobre-rose-3R-251x300.jpg 251w\" sizes=\"(max-width: 300px) 100vw, 300px\" \/><\/figure><\/div>\n\n\n\n<ul><li>ensured media visibility around <a href=\"https:\/\/www.nidecker.com\/\">Nidecker<\/a>\u2019s new acquisitions. The group, based in Rolle (VD), now owns 9 brands and became the world\u2019s number two in snowboard\u2019s market again;<\/li><\/ul>\n\n\n\n<ul><li>supported&nbsp;<a href=\"https:\/\/vd.prosenectute.ch\/fr.html\">Pro Senectute Vaud<\/a> in the communication campaign around the centenary of the association (1919-2019). To celebrate the 100<sup>th<\/sup> anniversary, ftc helped&nbsp;with designing&nbsp;calendars distributed to 80\u2019000 retired households in the canton, and also with the launch of  Pro Senectute Vaud\u2019s membership club.<\/li><\/ul>\n\n\n\n<div class=\"wp-block-image\"><figure class=\"aligncenter size-large is-resized\"><img loading=\"lazy\" decoding=\"async\" src=\"https:\/\/www.ftc.ch\/wp-content\/uploads\/2018\/12\/Communication-100ans-ProSenectute-Vaud.jpg\" alt=\"\" class=\"wp-image-5743\" width=\"450\" height=\"450\" srcset=\"https:\/\/www.ftc.ch\/wp-content\/uploads\/2018\/12\/Communication-100ans-ProSenectute-Vaud.jpg 600w, https:\/\/www.ftc.ch\/wp-content\/uploads\/2018\/12\/Communication-100ans-ProSenectute-Vaud-300x300.jpg 300w, https:\/\/www.ftc.ch\/wp-content\/uploads\/2018\/12\/Communication-100ans-ProSenectute-Vaud-150x150.jpg 150w\" sizes=\"(max-width: 450px) 100vw, 450px\" \/><\/figure><\/div>\n\n\n\n<hr class=\"wp-block-separator\"\/>\n\n\n\n<p>During the same period, we also provided various consulting and communication services for the following clients :<\/p>\n\n\n\n<div class=\"wp-block-image\"><figure class=\"aligncenter\"><img decoding=\"async\" src=\"https:\/\/www.ftc.ch\/wp-content\/uploads\/2019\/01\/Mur-logos-4-2018.jpg\" alt=\"\" class=\"wp-image-4510\"\/><\/figure><\/div>\n","protected":false},"excerpt":{"rendered":"<p>Visual rebranding for the Soci\u00e9t\u00e9 vaudoise de m\u00e9decine (SVM) \u2013 Wonderbox on Instagram, now also in Switzerland \u2013 Corporate publishing and Pink October for R\u00e9seau Radiologique Romand (3R) \u2013 Media relations for Nidecker, world number 2 in the snowboarding industry again \u2013 80\u2019000 calendars for the 100th anniversary of Pro Senectute Vaud From October to&#8230;<\/p>\n","protected":false},"author":16,"featured_media":0,"comment_status":"closed","ping_status":"closed","sticky":false,"template":"","format":"standard","meta":{"_acf_changed":false,"footnotes":"","_links_to":"","_links_to_target":""},"categories":[35],"tags":[],"acf":[],"aioseo_notices":[],"_links":{"self":[{"href":"https:\/\/www.ftc.ch\/en\/wp-json\/wp\/v2\/posts\/2639"}],"collection":[{"href":"https:\/\/www.ftc.ch\/en\/wp-json\/wp\/v2\/posts"}],"about":[{"href":"https:\/\/www.ftc.ch\/en\/wp-json\/wp\/v2\/types\/post"}],"author":[{"embeddable":true,"href":"https:\/\/www.ftc.ch\/en\/wp-json\/wp\/v2\/users\/16"}],"replies":[{"embeddable":true,"href":"https:\/\/www.ftc.ch\/en\/wp-json\/wp\/v2\/comments?post=2639"}],"version-history":[{"count":23,"href":"https:\/\/www.ftc.ch\/en\/wp-json\/wp\/v2\/posts\/2639\/revisions"}],"predecessor-version":[{"id":5927,"href":"https:\/\/www.ftc.ch\/en\/wp-json\/wp\/v2\/posts\/2639\/revisions\/5927"}],"wp:attachment":[{"href":"https:\/\/www.ftc.ch\/en\/wp-json\/wp\/v2\/media?parent=2639"}],"wp:term":[{"taxonomy":"category","embeddable":true,"href":"https:\/\/www.ftc.ch\/en\/wp-json\/wp\/v2\/categories?post=2639"},{"taxonomy":"post_tag","embeddable":true,"href":"https:\/\/www.ftc.ch\/en\/wp-json\/wp\/v2\/tags?post=2639"}],"curies":[{"name":"wp","href":"https:\/\/api.w.org\/{rel}","templated":true}]}}