{"id":1325,"date":"2016-10-01T17:26:06","date_gmt":"2016-10-01T16:26:06","guid":{"rendered":"http:\/\/ftc.wngtest.ch\/en\/vie-dagence-3e-trimestre-2016\/"},"modified":"2021-02-11T15:24:42","modified_gmt":"2021-02-11T14:24:42","slug":"vie-dagence-3e-trimestre-2016","status":"publish","type":"post","link":"https:\/\/www.ftc.ch\/en\/vie-dagence-3e-trimestre-2016\/","title":{"rendered":"Agency life &#8211; 3rd quarter 2016"},"content":{"rendered":"\n<h2 class=\"wp-block-heading\">New institutional communication strategy for Avantage in the French-speaking part of Switzerland : a Pro Senectute Vaud programme \u2013 Media relations for Agora, the upcoming Swiss cancer centre \u2013 Morges Basket\u2019s new website \u2013 400 square metres of F\u00e9chy grapevine on the Bundesplatz in Bern \u2013 A 80 km swim for diabetes research \u2013 Replacement within Pro Senectute Vaud<\/h2>\n\n\n\n<p>From July to September 2016, our agency has :<\/p>\n\n\n\n<ul><li>succesfully completed a communication audit and a review of Pro Senectute\u2019s new institutional&nbsp;communication strategy for the<a rel=\"noreferrer noopener\" href=\"http:\/\/www.fr.avantage.ch\/\" target=\"_blank\"> Avantage programme<\/a>, a web-based platform which goal is to help future pensioners better anticipate and prepare their retirement. Responsible for the content, the agency has also coordinated and supervised the new visual identity&#8217;s&nbsp;development, as well as the production of new booklets and&nbsp;the new website&nbsp;(in collaboration with  <a rel=\"noreferrer noopener\" href=\"http:\/\/www.didwedo.ch\/corporate\/\" target=\"_blank\">Didwedo<\/a>&nbsp;and&nbsp;<a rel=\"noreferrer noopener\" href=\"https:\/\/www.wng.ch\/accueil\/\" target=\"_blank\">WNG<\/a>);<\/li><\/ul>\n\n\n\n<div class=\"wp-block-image\"><figure class=\"aligncenter size-large\"><a href=\"http:\/\/www.fr.avantage.ch\/\" target=\"_blank\" rel=\"noreferrer noopener\"><img loading=\"lazy\" decoding=\"async\" width=\"491\" height=\"300\" src=\"https:\/\/www.ftc.ch\/wp-content\/uploads\/2016\/10\/Site-web-AvantAge.jpg\" alt=\"\" class=\"wp-image-5676\" srcset=\"https:\/\/www.ftc.ch\/wp-content\/uploads\/2016\/10\/Site-web-AvantAge.jpg 491w, https:\/\/www.ftc.ch\/wp-content\/uploads\/2016\/10\/Site-web-AvantAge-300x183.jpg 300w\" sizes=\"(max-width: 491px) 100vw, 491px\" \/><\/a><\/figure><\/div>\n\n\n\n<ul><li>supported and advised the<a rel=\"noreferrer noopener\" href=\"http:\/\/www.isrec.ch\/accueil\/\" target=\"_blank\">&nbsp;ISREC Foundation<\/a>&nbsp;in organising&nbsp;the&nbsp;media relations for the foundation&nbsp;stone laying of Agora, the future <a rel=\"noreferrer noopener\" href=\"http:\/\/www.chuv.ch\/cits\/cits_home\/cits-realisation-de-batiments\/cits-extension_du_centre_ambulatoire_oncologie_\/cits-pole-de-recherche-cancer-agora.htm\" target=\"_blank\">translational cancer centre <\/a>in Lausanne;<\/li><\/ul>\n\n\n\n<div style=\"text-align:center;margin-bottom:20px;\"><figure><iframe loading=\"lazy\" src=\"\/\/tp.srgssr.ch\/p\/rts\/embed?urn=urn:rts:video:8054674&amp;start=\" width=\"624\" height=\"300\"><\/iframe><\/figure><\/div>\n\n\n\n<ul><li>designed, developed and offered Morges-Basket&#8217;s new website;<\/li><\/ul>\n\n\n\n<ul><li>designed and organised a promotional event for the\u00a0<a rel=\"noreferrer noopener\" href=\"http:\/\/www.vinsfechy.ch\/\" target=\"_blank\">F\u00e9chy appellation<\/a>,\u00a0during which 400 square metres of grapevines were planted on the Bundesplatz in Bern. The event\u2019s purpose was to raise awareness of the F\u00e9chy vineyard\u2019s soils map and of the significance of appellations among parliamentarians;<\/li><\/ul>\n\n\n\n<ul><li>ensured the media coverage of Jaime Caballero\u2019s crazy challenge for the<a rel=\"noreferrer noopener\" href=\"http:\/\/www.fondation-diabete.ch\/\" target=\"_blank\">&nbsp;Diabetes Research Foundation<\/a>: a 80 km-swim from Villeneuve to Geneva in order to inform the public about diabetes as well as to promote sports;<\/li><\/ul>\n\n\n\n<ul><li>assigned <a href=\"https:\/\/www.ftc.ch\/en\/equipe\/heloise-perrin-2\/\">H\u00e9lo\u00efse Perrin<\/a>, our project manager, to cover for<a rel=\"noreferrer noopener\" href=\"http:\/\/www.vd.prosenectute.ch\/\" target=\"_blank\"> Pro Senectute Vaud<\/a>&#8216;s&nbsp;communication manager&#8217;s absence on&nbsp;maternity leave.&nbsp;H\u00e9lo\u00efse Perrin&nbsp;manages the day-to-day business&nbsp;and the development of projects&nbsp;on a part-time basis. The agency has&nbsp;already carried out&nbsp;various similar experiences in the last few&nbsp;years for different types of clients. It is difficult indeed not to communicate for several months in the 21st century !<\/li><\/ul>\n\n\n\n<div class=\"wp-block-image\"><figure class=\"aligncenter size-large\"><a href=\"https:\/\/www.ftc.ch\/equipe\/heloise-perrin\/\"><img loading=\"lazy\" decoding=\"async\" width=\"407\" height=\"300\" src=\"https:\/\/www.ftc.ch\/wp-content\/uploads\/2015\/12\/EgagementHeloisePerrin.jpg\" alt=\"\" class=\"wp-image-5652\" srcset=\"https:\/\/www.ftc.ch\/wp-content\/uploads\/2015\/12\/EgagementHeloisePerrin.jpg 407w, https:\/\/www.ftc.ch\/wp-content\/uploads\/2015\/12\/EgagementHeloisePerrin-300x221.jpg 300w\" sizes=\"(max-width: 407px) 100vw, 407px\" \/><\/a><\/figure><\/div>\n\n\n\n<hr class=\"wp-block-separator\"\/>\n\n\n\n<p>During the same period, we have also offered various communication services (consulting, project management, writing) for the following clients :<\/p>\n\n\n\n<p>Autodesk Development S\u00e0rl &#8211; Association vaudoise d\u2019\u00e9tablissements m\u00e9dico-sociaux (AVDEMS) &#8211; Commissions professionnelles paritaires de l\u2019industrie vaudoise de la construction &#8211; Compresso AG (Franz Carl Weber) &#8211; Diageo Suisse &#8211; Direction de l\u2019\u00e9nergie de l\u2019Etat de Vaud &#8211; F\u00e9d\u00e9ration vaudoise des entrepreneurs (FVE) &#8211; Fondation des 4 Marronniers &#8211; &nbsp;Fondation Eben-H\u00e9zer &#8211; Fondation pour la recherche sur le diab\u00e8te &#8211; Haute Ecole de Sant\u00e9 Vaud &#8211;&nbsp;Maison B\u00e9thel &#8211; Minoteries &#8211; Pro Senectute Vaud &#8211; PHF Production S\u00e0rl (Arvinis) &#8211; Service des communes et du logement de l\u2019Etat de Vaud &#8211; &nbsp;Siemens Suisse SA \u2013 Soci\u00e9t\u00e9 vaudoise d\u2019utilit\u00e9 publique &#8211; Wonderbox.<\/p>\n","protected":false},"excerpt":{"rendered":"<p>New institutional communication strategy for Avantage in the French-speaking part of Switzerland : a Pro Senectute Vaud programme \u2013 Media relations for Agora, the upcoming Swiss cancer centre \u2013 Morges Basket\u2019s new website \u2013 400 square metres of F\u00e9chy grapevine on the Bundesplatz in Bern \u2013 A 80 km swim for diabetes research \u2013 Replacement&#8230;<\/p>\n","protected":false},"author":16,"featured_media":0,"comment_status":"closed","ping_status":"closed","sticky":false,"template":"","format":"standard","meta":{"_acf_changed":false,"footnotes":"","_links_to":"","_links_to_target":""},"categories":[35],"tags":[],"acf":[],"aioseo_notices":[],"_links":{"self":[{"href":"https:\/\/www.ftc.ch\/en\/wp-json\/wp\/v2\/posts\/1325"}],"collection":[{"href":"https:\/\/www.ftc.ch\/en\/wp-json\/wp\/v2\/posts"}],"about":[{"href":"https:\/\/www.ftc.ch\/en\/wp-json\/wp\/v2\/types\/post"}],"author":[{"embeddable":true,"href":"https:\/\/www.ftc.ch\/en\/wp-json\/wp\/v2\/users\/16"}],"replies":[{"embeddable":true,"href":"https:\/\/www.ftc.ch\/en\/wp-json\/wp\/v2\/comments?post=1325"}],"version-history":[{"count":8,"href":"https:\/\/www.ftc.ch\/en\/wp-json\/wp\/v2\/posts\/1325\/revisions"}],"predecessor-version":[{"id":5678,"href":"https:\/\/www.ftc.ch\/en\/wp-json\/wp\/v2\/posts\/1325\/revisions\/5678"}],"wp:attachment":[{"href":"https:\/\/www.ftc.ch\/en\/wp-json\/wp\/v2\/media?parent=1325"}],"wp:term":[{"taxonomy":"category","embeddable":true,"href":"https:\/\/www.ftc.ch\/en\/wp-json\/wp\/v2\/categories?post=1325"},{"taxonomy":"post_tag","embeddable":true,"href":"https:\/\/www.ftc.ch\/en\/wp-json\/wp\/v2\/tags?post=1325"}],"curies":[{"name":"wp","href":"https:\/\/api.w.org\/{rel}","templated":true}]}}