{"id":1317,"date":"2016-07-01T15:10:37","date_gmt":"2016-07-01T14:10:37","guid":{"rendered":"http:\/\/ftc.wngtest.ch\/en\/vie-dagence-2e-trimestre-2016\/"},"modified":"2021-02-11T15:24:53","modified_gmt":"2021-02-11T14:24:53","slug":"vie-dagence-2e-trimestre-2016","status":"publish","type":"post","link":"https:\/\/www.ftc.ch\/en\/vie-dagence-2e-trimestre-2016\/","title":{"rendered":"Agency life &#8211; 2nd quarter 2016"},"content":{"rendered":"\n<h2 class=\"wp-block-heading\">Corporate communication strategy for Transitec SA \u2013 Media relations for the Diageo World Class competition, Morges\u2019 sailing club\u2019s centenary, the F\u00e9chy wines and Accuray International \u2013 Very first online annual report for AVDEMS and last annual reports of 2015 (Pro Senectute, Hospital Federation Vaud).<\/h2>\n\n\n\n<p>From April to June 2015, our agency has :<\/p>\n\n\n\n<ul><li>successfully completed a communication audit and corporate&nbsp;visual&nbsp;identity review (designed by&nbsp;<a rel=\"noreferrer noopener\" href=\"https:\/\/www.facebook.com\/delphine.burtin\" target=\"_blank\">Delphine Burtin<\/a>) for&nbsp;<a rel=\"noreferrer noopener\" href=\"http:\/\/transitec.net\/fr\/\" target=\"_blank\">Transitec SA<\/a>. The agency also collaborated in the new website project (realised by <a rel=\"noreferrer noopener\" href=\"https:\/\/www.inetis.ch\/\" target=\"_blank\">Inetis<\/a>) ,which has been launched at the end of the quarter;<\/li><\/ul>\n\n\n\n<div class=\"wp-block-image\"><figure class=\"aligncenter size-large\"><a href=\"http:\/\/transitec.net\/fr\/\" target=\"_blank\" rel=\"noreferrer noopener\"><img loading=\"lazy\" decoding=\"async\" width=\"1024\" height=\"490\" src=\"https:\/\/www.ftc.ch\/wp-content\/uploads\/2020\/10\/Strategie-communication-transitec-1024x490.jpg\" alt=\"\" class=\"wp-image-5583\" srcset=\"https:\/\/www.ftc.ch\/wp-content\/uploads\/2020\/10\/Strategie-communication-transitec-1024x490.jpg 1024w, https:\/\/www.ftc.ch\/wp-content\/uploads\/2020\/10\/Strategie-communication-transitec-300x144.jpg 300w, https:\/\/www.ftc.ch\/wp-content\/uploads\/2020\/10\/Strategie-communication-transitec-768x368.jpg 768w, https:\/\/www.ftc.ch\/wp-content\/uploads\/2020\/10\/Strategie-communication-transitec-1536x736.jpg 1536w, https:\/\/www.ftc.ch\/wp-content\/uploads\/2020\/10\/Strategie-communication-transitec.jpg 1570w\" sizes=\"(max-width: 1024px) 100vw, 1024px\" \/><\/a><\/figure><\/div>\n\n\n\n<ul><li>took charge of the media coverage&nbsp;of the national final of the <a rel=\"noreferrer noopener\" href=\"https:\/\/www.facebook.com\/WorldClass\/?fref=ts&amp;brand_redir=446928828753338\" target=\"_blank\">Diageo World Class<\/a>&nbsp;competition. This year&#8217;s best bartender of Switzerland comes from Geneva \u2013 again !<\/li><\/ul>\n\n\n\n<ul><li>supported the<a rel=\"noreferrer noopener\" href=\"http:\/\/www.vinsfechy.ch\/\" target=\"_blank\"> F\u00e9chy<\/a>&nbsp;appellation in publicising their new map of F\u00e9chy vineyard terroirs to winemakers and the media;<\/li><\/ul>\n\n\n\n<div class=\"wp-block-image\"><figure class=\"aligncenter size-large is-resized\"><a href=\"http:\/\/www.vinsfechy.ch\/\" target=\"_blank\" rel=\"noreferrer noopener\"><img loading=\"lazy\" decoding=\"async\" src=\"https:\/\/www.ftc.ch\/wp-content\/uploads\/2016\/07\/Relations-me\u0301dias-fe\u0301chy2016.jpg\" alt=\"\" class=\"wp-image-5666\" width=\"638\" height=\"448\" srcset=\"https:\/\/www.ftc.ch\/wp-content\/uploads\/2016\/07\/Relations-me\u0301dias-fe\u0301chy2016.jpg 850w, https:\/\/www.ftc.ch\/wp-content\/uploads\/2016\/07\/Relations-me\u0301dias-fe\u0301chy2016-300x211.jpg 300w, https:\/\/www.ftc.ch\/wp-content\/uploads\/2016\/07\/Relations-me\u0301dias-fe\u0301chy2016-768x539.jpg 768w\" sizes=\"(max-width: 638px) 100vw, 638px\" \/><\/a><\/figure><\/div>\n\n\n\n<ul><li>promoted several events regarding <a rel=\"noreferrer noopener\" href=\"https:\/\/www.facebook.com\/cnmorges\/?fref=ts\" target=\"_blank\">Morges&#8217; sailing club<\/a>;<\/li><\/ul>\n\n\n\n<ul><li>designed and created, in collaboration with&nbsp;<a rel=\"noreferrer noopener\" href=\"https:\/\/www.wng.ch\/accueil\/\" target=\"_blank\">WNG Solutions<\/a>, the online annual report 2015 of the medical-welfare establishments association (<a rel=\"noreferrer noopener\" href=\"http:\/\/www.avdems.ch\/accueil.html\" target=\"_blank\">AVDEMS<\/a>). This approach offers numerous advantages, notably in terms of content, efficiency and flexibility.<\/li><\/ul>\n\n\n\n<div class=\"wp-block-image\"><figure class=\"aligncenter size-large\"><a href=\"http:\/\/avdems.rapportannuel.ch\/2015\/\" target=\"_blank\" rel=\"noreferrer noopener\"><img loading=\"lazy\" decoding=\"async\" width=\"422\" height=\"300\" src=\"https:\/\/www.ftc.ch\/wp-content\/uploads\/2016\/07\/Rapport-annuel-en-ligne-AVDEMS.png\" alt=\"\" class=\"wp-image-5668\" srcset=\"https:\/\/www.ftc.ch\/wp-content\/uploads\/2016\/07\/Rapport-annuel-en-ligne-AVDEMS.png 422w, https:\/\/www.ftc.ch\/wp-content\/uploads\/2016\/07\/Rapport-annuel-en-ligne-AVDEMS-300x213.png 300w\" sizes=\"(max-width: 422px) 100vw, 422px\" \/><\/a><\/figure><\/div>\n\n\n\n<ul><li>successfully managed the design, the realisation and the on-time delivery of the annual report of the <a rel=\"noreferrer noopener\" href=\"http:\/\/www.fhv.ch\/\" target=\"_blank\">Hospital Federation Vaud<\/a>&nbsp;(FHV);<\/li><\/ul>\n\n\n\n<div class=\"wp-block-image\"><figure class=\"aligncenter size-large\"><a href=\"http:\/\/www.fhv.ch\/jcms\/fhv_6382\/rapport-2015\" target=\"_blank\" rel=\"noreferrer noopener\"><img loading=\"lazy\" decoding=\"async\" width=\"213\" height=\"300\" src=\"https:\/\/www.ftc.ch\/wp-content\/uploads\/2016\/07\/Rapport-annuel-FHV2016.png\" alt=\"\" class=\"wp-image-5670\"\/><\/a><\/figure><\/div>\n\n\n\n<ul><li>ensured media coverage on&nbsp;<a rel=\"noreferrer noopener\" href=\"http:\/\/www.accuray.com\/\" target=\"_blank\">Accuray International<\/a>&nbsp;receiving the prestigious <a rel=\"noreferrer noopener\" href=\"http:\/\/www.s-ge.com\/sites\/default\/files\/20160615_MM_Tell%20Awards_EN.pdf\" target=\"_blank\">Tell Award<\/a>. This award is presented annually by <a rel=\"noreferrer noopener\" href=\"http:\/\/www.s-ge.com\/en\" target=\"_blank\">Switzerland Global Enterprise<\/a>, the official trade and investment body of the Swiss government, to U.S. companies that have made significant investments in their Swiss operations for the benefit of innovation and business growth.<\/li><\/ul>\n\n\n\n<div class=\"wp-block-image\"><figure class=\"aligncenter size-large is-resized\"><img loading=\"lazy\" decoding=\"async\" src=\"https:\/\/www.ftc.ch\/wp-content\/uploads\/2018\/10\/Logo-Accuray-actu.jpg\" alt=\"Relations m\u00e9dias Accuray\" class=\"wp-image-2518\" width=\"480\" height=\"140\" srcset=\"https:\/\/www.ftc.ch\/wp-content\/uploads\/2018\/10\/Logo-Accuray-actu.jpg 640w, https:\/\/www.ftc.ch\/wp-content\/uploads\/2018\/10\/Logo-Accuray-actu-300x88.jpg 300w\" sizes=\"(max-width: 480px) 100vw, 480px\" \/><\/figure><\/div>\n\n\n\n<hr class=\"wp-block-separator\"\/>\n\n\n\n<p>During the same period, we also provided various communication services (consulting, project management, writing) for the following clients :<\/p>\n\n\n\n<p>Accuray International &#8211; Association vaudoise d&#8217;\u00e9tablissements m\u00e9dico-sociaux (AVDEMS)&nbsp;&#8211;&nbsp;Commissions professionnelles paritaires de l&#8217;industrie vaudoise de la construction &#8211;&nbsp;D\u00e9partement des institutions et de la s\u00e9curit\u00e9 de l\u2019Etat de Vaud (DIS) &#8211; Diageo Suisse &#8211;&nbsp;F\u00e9d\u00e9ration des H\u00f4pitaux Vaudois (FHV) &#8211; F\u00e9d\u00e9ration des H\u00f4pitaux Vaudois Informatique (FHVI) &#8211;&nbsp;Les Fr\u00e8res Dutruy &#8211;&nbsp;F\u00e9d\u00e9ration Vaudoise des Entrepreneurs (FVE) &#8211; Fondation 4 Maronniers &#8211;&nbsp;Fondation Beau-Site &#8211; Fondation B\u00e9thel &#8211; Fondation Eben-H\u00e9zer &#8211;&nbsp;Fondation&nbsp;de soutien \u00e0 la recherche sur le cancer en Suisse (ISREC)&nbsp;&#8211;&nbsp;Fondation Primeroche &#8211; Olivier Mark Management &#8211;&nbsp;PHF Production S\u00e0rl (Arvinis)&nbsp;&#8211; Pro Senectute Vaud&nbsp;&#8211;&nbsp;Siemens Suisse SA&nbsp;&#8211;&nbsp;Transitec SA.<\/p>\n","protected":false},"excerpt":{"rendered":"<p>Corporate communication strategy for Transitec SA \u2013 Media relations for the Diageo World Class competition, Morges\u2019 sailing club\u2019s centenary, the F\u00e9chy wines and Accuray International \u2013 Very first online annual report for AVDEMS and last annual reports of 2015 (Pro Senectute, Hospital Federation Vaud). From April to June 2015, our agency has : successfully completed&#8230;<\/p>\n","protected":false},"author":16,"featured_media":0,"comment_status":"open","ping_status":"open","sticky":false,"template":"","format":"standard","meta":{"_acf_changed":false,"footnotes":"","_links_to":"","_links_to_target":""},"categories":[35],"tags":[],"acf":[],"aioseo_notices":[],"_links":{"self":[{"href":"https:\/\/www.ftc.ch\/en\/wp-json\/wp\/v2\/posts\/1317"}],"collection":[{"href":"https:\/\/www.ftc.ch\/en\/wp-json\/wp\/v2\/posts"}],"about":[{"href":"https:\/\/www.ftc.ch\/en\/wp-json\/wp\/v2\/types\/post"}],"author":[{"embeddable":true,"href":"https:\/\/www.ftc.ch\/en\/wp-json\/wp\/v2\/users\/16"}],"replies":[{"embeddable":true,"href":"https:\/\/www.ftc.ch\/en\/wp-json\/wp\/v2\/comments?post=1317"}],"version-history":[{"count":11,"href":"https:\/\/www.ftc.ch\/en\/wp-json\/wp\/v2\/posts\/1317\/revisions"}],"predecessor-version":[{"id":5675,"href":"https:\/\/www.ftc.ch\/en\/wp-json\/wp\/v2\/posts\/1317\/revisions\/5675"}],"wp:attachment":[{"href":"https:\/\/www.ftc.ch\/en\/wp-json\/wp\/v2\/media?parent=1317"}],"wp:term":[{"taxonomy":"category","embeddable":true,"href":"https:\/\/www.ftc.ch\/en\/wp-json\/wp\/v2\/categories?post=1317"},{"taxonomy":"post_tag","embeddable":true,"href":"https:\/\/www.ftc.ch\/en\/wp-json\/wp\/v2\/tags?post=1317"}],"curies":[{"name":"wp","href":"https:\/\/api.w.org\/{rel}","templated":true}]}}